{"id":32973,"date":"2026-03-11T13:24:55","date_gmt":"2026-03-11T12:24:55","guid":{"rendered":"https:\/\/barbieri.shop\/?p=32973"},"modified":"2026-03-11T13:29:04","modified_gmt":"2026-03-11T12:29:04","slug":"barbieri-praesentiert-die-aw-26-27-kollektion-auf-der-white","status":"publish","type":"post","link":"https:\/\/barbieri.shop\/de\/barbieri-praesentiert-die-aw-26-27-kollektion-auf-der-white\/","title":{"rendered":"Texturen, Eleganz und Innovation: Barbieri pr\u00e4sentiert die AW 26\u201327 Kollektion auf der WHITE"},"content":{"rendered":"<p><em>11. M\u00e4rz <\/em><em>2026<\/em><\/p>\n<p>Im internationalen Modekalender ist <a href=\"https:\/\/www.whiteshow.com\/?utm_source=ig&amp;utm_medium=social&amp;utm_content=link_in_bio&amp;fbclid=PAZXh0bgNhZW0CMTEAc3J0YwZhcHBfaWQMMjU2MjgxMDQwNTU4AAGnMECjAqOJweGh17JrE4HgktWXMj6_kDGygU-uds6Zoc-Wqa6vUnxV-Pm6h-c_aem_FcAdypuXu_1Cc8zJZuJnEQ\" target=\"_blank\" rel=\"noopener\">WHITE Milano<\/a> zweifellos einer der wichtigsten Momente, um die Entwicklung des zeitgen\u00f6ssischen Fashion-Systems zu beobachten.<\/p>\n<p>Urspr\u00fcnglich als Plattform f\u00fcr Forschung und Experiment konzipiert, hat sich die Mail\u00e4nder Messe im Laufe der Zeit <strong>zu einem privilegierten Treffpunkt f\u00fcr Marken, internationale Buyer, Concept Stores und Branchenexperten entwickelt, die auf der Suche nach neuen kreativen Visionen sind<\/strong>.<\/p>\n<p>In diesem hoch selektierten Umfeld entscheidet sich <strong>Barbieri<\/strong>, <strong>seine Kollektion zu pr\u00e4sentieren und bringt ins Herz von Mailand eine Geschichte aus Tradition<\/strong>, Textilkultur und zeitgen\u00f6ssischer Sensibilit\u00e4t.<\/p>\n<p>In einer Zeit, in der die Sprache des Modeaccessoires immer raffinierter wird, r\u00fcckt <strong>Seide wieder in den Mittelpunkt<\/strong> \u2013 nicht mehr als blo\u00dfes Detail, sondern als identit\u00e4tsstiftendes Element, das Stil definiert.<\/p>\n<h2>WHITE Milano: das internationale Labor der zeitgen\u00f6ssischen Mode<\/h2>\n<div id=\"attachment_32896\" style=\"width: 358px\" class=\"wp-caption alignnone\"><img fetchpriority=\"high\" decoding=\"async\" aria-describedby=\"caption-attachment-32896\" class=\"wp-image-32896\" src=\"https:\/\/barbieri.shop\/wp-content\/uploads\/2026\/03\/Barbieri-white-foto-invito-485x600.jpg\" alt=\"Frau mit Trenchcoat und einem Barbieri-Foulard.\" width=\"348\" height=\"430\" srcset=\"https:\/\/barbieri.shop\/wp-content\/uploads\/2026\/03\/Barbieri-white-foto-invito-485x600.jpg 485w, https:\/\/barbieri.shop\/wp-content\/uploads\/2026\/03\/Barbieri-white-foto-invito-600x742.jpg 600w, https:\/\/barbieri.shop\/wp-content\/uploads\/2026\/03\/Barbieri-white-foto-invito.jpg 714w\" sizes=\"(max-width: 348px) 100vw, 348px\" \/><p id=\"caption-attachment-32896\" class=\"wp-caption-text\">Barbieri auf der WHITE<\/p><\/div>\n<p>WHITE Milano ist nicht einfach nur eine Branchenmesse. <strong>Sie ist ein privilegierter Beobachtungspunkt f\u00fcr die neuen Entwicklungen der Mode \u2013 ein Raum<\/strong>, in dem aufstrebende Kreativit\u00e4t, etablierte Marken und neue Marktdynamiken aufeinandertreffen.<\/p>\n<p>Diese bedeutende Veranstaltung zeichnet sich durch einen kuratorisch sorgf\u00e4ltigen Ansatz aus, der einen Dialog zwischen Marken schafft, die gemeinsame Werte teilen: Qualit\u00e4t, \u00e4sthetische Forschung, eine starke Identit\u00e4t und eine internationale Vision.<\/p>\n<p>Buyer aus Europa, Asien und den Vereinigten Staaten treffen sich auf der WHITE Milano, um Marken zu entdecken, die eine authentische Geschichte erz\u00e4hlen k\u00f6nnen. Gerade in diesem exklusiven Umfeld ver\u00e4ndert sich auch das Konzept des Modeaccessoires: <strong>Es ist nicht mehr nur eine Erg\u00e4nzung, sondern ein erz\u00e4hlerisches Element, das den Charakter eines Looks definiert.<\/strong><\/p>\n<p>F\u00fcr eine Marke wie <strong>Barbieri<\/strong> bedeutet die Pr\u00e4senz auf der WHITE Milano, Teil eines \u00d6kosystems zu sein, das Designexzellenz und Liebe zum Detail w\u00fcrdigt \u2013 Werte, die seit jeher die Tradition des Hauses aus Como pr\u00e4gen.<\/p>\n<h2>Barbieri pr\u00e4sentiert die AW 26\u201327 Kollektion auf der WHITE: Die Tradition der Seide trifft auf zeitgen\u00f6ssische Vision<\/h2>\n<p>Das 1945 gegr\u00fcndete Unternehmen <a href=\"https:\/\/barbieri.shop\/de\/unternehmen\/\"><strong>Barbieri<\/strong> <\/a><strong>hat im Laufe der Jahre eine internationale Reputation im Bereich hochwertiger Seidenaccessoires aufgebaut und ist zu einer klar erkennbaren und konsistenten Marke geworden.<\/strong><\/p>\n<p><a href=\"https:\/\/barbieri.shop\/de\/seidentwilly-mania-alle-styling-moeglichkeiten-vom-hals-ueber\/\">Seide<\/a> \u2013 ein edles Material par excellence \u2013 wird in den H\u00e4nden der Marke zu einem Ausdrucksmittel, das Epochen und Stilrichtungen miteinander verbindet. Ihre Leichtigkeit, die Tiefe ihrer Farben und die flie\u00dfende Struktur des Stoffes erm\u00f6glichen Accessoires, die sich ganz selbstverst\u00e4ndlich in die zeitgen\u00f6ssische Garderobe integrieren.<\/p>\n<p>Die auf der <strong>WHITE Milano<\/strong> pr\u00e4sentierte Kollektion spiegelt genau diese Philosophie wider.<br \/>\n<strong><a href=\"https:\/\/barbieri.shop\/de\/produktkategorie\/schals\/\">Schals<\/a>, <a href=\"https:\/\/barbieri.shop\/de\/produktkategorie\/foulards\/\">Foulards<\/a>, <a href=\"https:\/\/barbieri.shop\/de\/produktkategorie\/seiden-twilly\/\">Twillys<\/a> und Kimonos werden zu vielseitigen Elementen, die den Alltag mit diskreter Eleganz begleiten.<\/strong><\/p>\n<p>Hier auf der offiziellen <a href=\"https:\/\/www.whiteshow.com\/brand-list-2\/\" target=\"_blank\" rel=\"noopener\"><strong>WHITE-Website<\/strong><\/a> finden Sie unsere in Mailand pr\u00e4sentierte Kollektion.<\/p>\n<p><img decoding=\"async\" class=\"alignnone wp-image-32917\" src=\"https:\/\/barbieri.shop\/wp-content\/uploads\/2026\/03\/white-2-600x580.jpg\" alt=\"Sitzendes M\u00e4dchen mit Strumpfhose, wei\u00dfen Socken und Loafern, mit einem Schal in Beige-, Braun- und Gr\u00fcnt\u00f6nen um den Hals. \" width=\"348\" height=\"336\" srcset=\"https:\/\/barbieri.shop\/wp-content\/uploads\/2026\/03\/white-2-600x580.jpg 600w, https:\/\/barbieri.shop\/wp-content\/uploads\/2026\/03\/white-2-768x742.jpg 768w, https:\/\/barbieri.shop\/wp-content\/uploads\/2026\/03\/white-2.jpg 890w\" sizes=\"(max-width: 348px) 100vw, 348px\" \/><\/p>\n<p>Ein Twilly, der an den Henkel einer Tasche gebunden ist, ein Foulard, das um die Taille getragen wird, oder ein leichter Kimono k\u00f6nnen die Wahrnehmung eines Outfits vollst\u00e4ndig ver\u00e4ndern und dessen Identit\u00e4t zum Ausdruck bringen.<\/p>\n<p>Barbieri interpretiert diese Entwicklung mit einem raffinierten Blick. <strong>Deshalb entwirft die Marke Accessoires f\u00fcr eine kosmopolitische Frau \u2013 gebildet, selbstbewusst und sensibel f\u00fcr den Wert hochwertiger Materialien.<\/strong><\/p>\n<h2>Das Accessoire als Stilgeste<\/h2>\n<p>In der zeitgen\u00f6ssischen Mode ist es oft das Detail, das die Identit\u00e4t eines Looks bestimmt. In diesem Sinne wird <strong>Seide zu einem Mittel pers\u00f6nlicher Ausdruckskraft<\/strong>.<\/p>\n<p>Stellen wir uns zwei Frauen vor, ganz in Wei\u00df gekleidet, im nat\u00fcrlichen Licht einer Kunstgalerie in Mailand:<br \/>\nDie eine tr\u00e4gt eine schwarze Tasche, deren Henkel mit einem Seiden-Twilly verziert ist; die andere tr\u00e4gt ein Foulard um die Taille und verwandelt es in ein raffiniertes Styling-Element.<\/p>\n<p><img decoding=\"async\" class=\"alignnone wp-image-32926\" src=\"https:\/\/barbieri.shop\/wp-content\/uploads\/2026\/03\/ChatGPT-Image-9-mar-2026-20_49_47-600x400.png\" alt=\"Zwei Frauen in Wei\u00df auf einer Ausstellung in einer Galerie, eine mit einem Twilly an der Tasche, die andere mit einem Foulard um die Taille gebunden.\" width=\"348\" height=\"232\" srcset=\"https:\/\/barbieri.shop\/wp-content\/uploads\/2026\/03\/ChatGPT-Image-9-mar-2026-20_49_47-600x400.png 600w, https:\/\/barbieri.shop\/wp-content\/uploads\/2026\/03\/ChatGPT-Image-9-mar-2026-20_49_47-1024x683.png 1024w, https:\/\/barbieri.shop\/wp-content\/uploads\/2026\/03\/ChatGPT-Image-9-mar-2026-20_49_47-768x512.png 768w, https:\/\/barbieri.shop\/wp-content\/uploads\/2026\/03\/ChatGPT-Image-9-mar-2026-20_49_47.png 1536w\" sizes=\"(max-width: 348px) 100vw, 348px\" \/><\/p>\n<p><strong>Es ist eine einfache, aber kraftvolle Szene, die zeigt, wie Barbieri-Accessoires Teil des t\u00e4glichen Lebens werden.<\/strong> Beide Frauen werden unvergesslich sein. Mit einer durchdachten stilistischen Geste und einem bis ins kleinste Detail gefertigten Accessoire wird ihr gesamter Look zu einer Geschichte \u2013 einer Geschichte, die Einfachheit in Eleganz und Details in Identit\u00e4t verwandelt.<\/p>\n<p>Die Philosophie von Barbieri basiert genau auf diesem Prinzip: Accessoires zu schaffen, die die moderne Frau durch die verschiedenen Momente ihres Tages begleiten und sich selbstverst\u00e4ndlich an unterschiedliche Kontexte anpassen \u2013 von der Arbeit bis zur Freizeit, von der Stadt bis zur Reise.<\/p>\n<h2>WHITE Milano als Plattform f\u00fcr internationalen Dialog<\/h2>\n<p>Die Teilnahme an der WHITE Milano stellt f\u00fcr Barbieri einen strategischen Schritt im internationalen Wachstum des Unternehmens dar.<\/p>\n<p><strong>Die Mail\u00e4nder Messe bietet die M\u00f6glichkeit, Buyer, Distributoren und Concept Stores zu treffen, die eine Vision von Mode teilen, die auf Qualit\u00e4t, Authentizit\u00e4t und Recherche basiert.<\/strong><\/p>\n<p>In einem zunehmend wettbewerbsintensiven globalen Markt wird die F\u00e4higkeit, solide Beziehungen zu qualifizierten Partnern aufzubauen, immer wichtiger. WHITE Milano f\u00f6rdert genau diese Art der Begegnung, indem sie einen Raum schafft, in dem der Dialog zwischen Marken und Branchenexperten direkt und produktiv entstehen kann.<\/p>\n<p><strong>Seide spricht eine universelle Sprache<\/strong> \u2013 eine Sprache, die M\u00e4rkte, Generationen und Kulturen \u00fcberwindet. Ein Material, das die Erinnerung an die Tradition bewahrt und sich gleichzeitig neuen stilistischen Interpretationen \u00f6ffnet.<\/p>\n<p><img loading=\"lazy\" decoding=\"async\" class=\"alignnone wp-image-32935\" src=\"https:\/\/barbieri.shop\/wp-content\/uploads\/2026\/03\/sciarpa-verde-510x600.jpg\" alt=\"Frau, die einen Barbieri-Schal in Gr\u00fcnt\u00f6nen tr\u00e4gt\" width=\"348\" height=\"409\" srcset=\"https:\/\/barbieri.shop\/wp-content\/uploads\/2026\/03\/sciarpa-verde-510x600.jpg 510w, https:\/\/barbieri.shop\/wp-content\/uploads\/2026\/03\/sciarpa-verde-600x706.jpg 600w, https:\/\/barbieri.shop\/wp-content\/uploads\/2026\/03\/sciarpa-verde.jpg 624w\" sizes=\"(max-width: 348px) 100vw, 348px\" \/><\/p>\n<p>WHITE Milano ist die ideale B\u00fchne, um diese Geschichte zu erz\u00e4hlen: eine Geschichte von Eleganz, Forschung und Liebe zum Detail. Eine Geschichte, die sich Saison f\u00fcr Saison weiterentwickelt und gleichzeitig den authentischen Wert des <strong>Made in Italy<\/strong> bewahrt.<\/p>\n<p><strong>F\u00fcr Barbieri bedeutet die Pr\u00e4senz auf der WHITE Milano genau das: zur Neudefinition der Rolle des Accessoires in der zeitgen\u00f6ssischen<\/strong> Garderobe beizutragen und den Wert der Seide als unverwechselbares Zeichen von Stil und Raffinesse zu bekr\u00e4ftigen.<\/p>\n<p><em>Micaela Corallo \u2013 Designerin von Barbieri 1945<\/em><\/p>\n<h3><a href=\"https:\/\/barbieri.shop\/de\/geschaeft\/\"><em>Besuchen Sie unseren Shop, finden Sie Ihr ikonisches Accessoire und verwandeln Sie Ihren Stil.<\/em><\/a><\/h3>\n","protected":false},"excerpt":{"rendered":"<p>11. M\u00e4rz 2026 Im internationalen Modekalender ist WHITE Milano zweifellos einer der wichtigsten Momente, um die Entwicklung des zeitgen\u00f6ssischen Fashion-Systems zu beobachten. Urspr\u00fcnglich als Plattform f\u00fcr Forschung und Experiment konzipiert, hat sich die Mail\u00e4nder Messe im Laufe der Zeit zu einem privilegierten Treffpunkt f\u00fcr Marken, internationale Buyer, Concept Stores und Branchenexperten entwickelt, die auf der [&hellip;]<\/p>\n","protected":false},"author":10,"featured_media":32969,"comment_status":"closed","ping_status":"closed","sticky":false,"template":"","format":"standard","meta":{"_acf_changed":false,"footnotes":""},"categories":[725],"tags":[],"class_list":["post-32973","post","type-post","status-publish","format-standard","has-post-thumbnail","hentry","category-messen-events"],"acf":[],"yoast_head":"<!-- This site is optimized with the Yoast SEO plugin v28.3 - https:\/\/yoast.com\/product\/yoast-seo-wordpress\/ -->\n<title>Texturen, Eleganz und Innovation: Barbieri pr\u00e4sentiert die AW 26\u201327 Kollektion auf der WHITE<\/title>\n<meta name=\"description\" content=\"Barbieri pr\u00e4sentiert die AW 26\u201327 Kollektion auf der WHITE, Seidenaccessoires, raffinierte Texturen und italienische Eleganz im Zeichen von Innovation.\" \/>\n<meta name=\"robots\" content=\"index, follow, max-snippet:-1, max-image-preview:large, max-video-preview:-1\" \/>\n<link rel=\"canonical\" href=\"https:\/\/barbieri.shop\/de\/barbieri-praesentiert-die-aw-26-27-kollektion-auf-der-white\/\" \/>\n<meta property=\"og:locale\" content=\"de_DE\" \/>\n<meta property=\"og:type\" content=\"article\" \/>\n<meta property=\"og:title\" content=\"Texturen, Eleganz und Innovation: Barbieri pr\u00e4sentiert die AW 26\u201327 Kollektion auf der WHITE\" \/>\n<meta property=\"og:description\" content=\"Barbieri pr\u00e4sentiert die AW 26\u201327 Kollektion auf der WHITE, Seidenaccessoires, raffinierte Texturen und italienische Eleganz im Zeichen von Innovation.\" \/>\n<meta property=\"og:url\" content=\"https:\/\/barbieri.shop\/de\/barbieri-praesentiert-die-aw-26-27-kollektion-auf-der-white\/\" \/>\n<meta property=\"og:site_name\" content=\"Barbieri Shop\" \/>\n<meta property=\"article:publisher\" content=\"https:\/\/www.facebook.com\/larioseta\" \/>\n<meta property=\"article:published_time\" content=\"2026-03-11T12:24:55+00:00\" \/>\n<meta property=\"article:modified_time\" content=\"2026-03-11T12:29:04+00:00\" \/>\n<meta property=\"og:image\" content=\"https:\/\/barbieri.shop\/wp-content\/uploads\/2026\/03\/Barbieri_White_Milano_2026.jpg\" \/>\n\t<meta property=\"og:image:width\" content=\"1200\" \/>\n\t<meta property=\"og:image:height\" content=\"800\" \/>\n\t<meta property=\"og:image:type\" content=\"image\/jpeg\" \/>\n<meta name=\"author\" content=\"Immacolata\" \/>\n<meta name=\"twitter:card\" content=\"summary_large_image\" \/>\n<meta name=\"twitter:label1\" content=\"Verfasst von\" \/>\n\t<meta name=\"twitter:data1\" content=\"Immacolata\" \/>\n\t<meta name=\"twitter:label2\" content=\"Gesch\u00e4tzte Lesezeit\" \/>\n\t<meta name=\"twitter:data2\" content=\"6\u00a0Minuten\" \/>\n<script type=\"application\/ld+json\" class=\"yoast-schema-graph\">{\"@context\":\"https:\\\/\\\/schema.org\",\"@graph\":[{\"@type\":\"Article\",\"@id\":\"https:\\\/\\\/barbieri.shop\\\/de\\\/barbieri-praesentiert-die-aw-26-27-kollektion-auf-der-white\\\/#article\",\"isPartOf\":{\"@id\":\"https:\\\/\\\/barbieri.shop\\\/de\\\/barbieri-praesentiert-die-aw-26-27-kollektion-auf-der-white\\\/\"},\"author\":{\"name\":\"Immacolata\",\"@id\":\"https:\\\/\\\/barbieri.shop\\\/#\\\/schema\\\/person\\\/a7eb9a8c8a48765f97059e05908f1cf3\"},\"headline\":\"Texturen, Eleganz und Innovation: Barbieri pr\u00e4sentiert die AW 26\u201327 Kollektion auf der WHITE\",\"datePublished\":\"2026-03-11T12:24:55+00:00\",\"dateModified\":\"2026-03-11T12:29:04+00:00\",\"mainEntityOfPage\":{\"@id\":\"https:\\\/\\\/barbieri.shop\\\/de\\\/barbieri-praesentiert-die-aw-26-27-kollektion-auf-der-white\\\/\"},\"wordCount\":937,\"publisher\":{\"@id\":\"https:\\\/\\\/barbieri.shop\\\/#organization\"},\"image\":{\"@id\":\"https:\\\/\\\/barbieri.shop\\\/de\\\/barbieri-praesentiert-die-aw-26-27-kollektion-auf-der-white\\\/#primaryimage\"},\"thumbnailUrl\":\"https:\\\/\\\/barbieri.shop\\\/wp-content\\\/uploads\\\/2026\\\/03\\\/Barbieri_White_Milano_2026.jpg\",\"articleSection\":[\"Messen &amp; Events\"],\"inLanguage\":\"de\"},{\"@type\":\"WebPage\",\"@id\":\"https:\\\/\\\/barbieri.shop\\\/de\\\/barbieri-praesentiert-die-aw-26-27-kollektion-auf-der-white\\\/\",\"url\":\"https:\\\/\\\/barbieri.shop\\\/de\\\/barbieri-praesentiert-die-aw-26-27-kollektion-auf-der-white\\\/\",\"name\":\"Texturen, Eleganz und Innovation: Barbieri pr\u00e4sentiert die AW 26\u201327 Kollektion auf der WHITE\",\"isPartOf\":{\"@id\":\"https:\\\/\\\/barbieri.shop\\\/#website\"},\"primaryImageOfPage\":{\"@id\":\"https:\\\/\\\/barbieri.shop\\\/de\\\/barbieri-praesentiert-die-aw-26-27-kollektion-auf-der-white\\\/#primaryimage\"},\"image\":{\"@id\":\"https:\\\/\\\/barbieri.shop\\\/de\\\/barbieri-praesentiert-die-aw-26-27-kollektion-auf-der-white\\\/#primaryimage\"},\"thumbnailUrl\":\"https:\\\/\\\/barbieri.shop\\\/wp-content\\\/uploads\\\/2026\\\/03\\\/Barbieri_White_Milano_2026.jpg\",\"datePublished\":\"2026-03-11T12:24:55+00:00\",\"dateModified\":\"2026-03-11T12:29:04+00:00\",\"description\":\"Barbieri pr\u00e4sentiert die AW 26\u201327 Kollektion auf der WHITE, Seidenaccessoires, raffinierte Texturen und italienische Eleganz im Zeichen von Innovation.\",\"breadcrumb\":{\"@id\":\"https:\\\/\\\/barbieri.shop\\\/de\\\/barbieri-praesentiert-die-aw-26-27-kollektion-auf-der-white\\\/#breadcrumb\"},\"inLanguage\":\"de\",\"potentialAction\":[{\"@type\":\"ReadAction\",\"target\":[\"https:\\\/\\\/barbieri.shop\\\/de\\\/barbieri-praesentiert-die-aw-26-27-kollektion-auf-der-white\\\/\"]}]},{\"@type\":\"ImageObject\",\"inLanguage\":\"de\",\"@id\":\"https:\\\/\\\/barbieri.shop\\\/de\\\/barbieri-praesentiert-die-aw-26-27-kollektion-auf-der-white\\\/#primaryimage\",\"url\":\"https:\\\/\\\/barbieri.shop\\\/wp-content\\\/uploads\\\/2026\\\/03\\\/Barbieri_White_Milano_2026.jpg\",\"contentUrl\":\"https:\\\/\\\/barbieri.shop\\\/wp-content\\\/uploads\\\/2026\\\/03\\\/Barbieri_White_Milano_2026.jpg\",\"width\":1200,\"height\":800,\"caption\":\"Barbieri auf der WHITE\"},{\"@type\":\"BreadcrumbList\",\"@id\":\"https:\\\/\\\/barbieri.shop\\\/de\\\/barbieri-praesentiert-die-aw-26-27-kollektion-auf-der-white\\\/#breadcrumb\",\"itemListElement\":[{\"@type\":\"ListItem\",\"position\":1,\"name\":\"Home\",\"item\":\"https:\\\/\\\/barbieri.shop\\\/de\\\/\"},{\"@type\":\"ListItem\",\"position\":2,\"name\":\"Texturen, Eleganz und Innovation: Barbieri pr\u00e4sentiert die AW 26\u201327 Kollektion auf der WHITE\"}]},{\"@type\":\"WebSite\",\"@id\":\"https:\\\/\\\/barbieri.shop\\\/#website\",\"url\":\"https:\\\/\\\/barbieri.shop\\\/\",\"name\":\"Barbieri Shop\",\"description\":\"Foulard, sciarpe, accessori moda Made in Italy\",\"publisher\":{\"@id\":\"https:\\\/\\\/barbieri.shop\\\/#organization\"},\"potentialAction\":[{\"@type\":\"SearchAction\",\"target\":{\"@type\":\"EntryPoint\",\"urlTemplate\":\"https:\\\/\\\/barbieri.shop\\\/?s={search_term_string}\"},\"query-input\":{\"@type\":\"PropertyValueSpecification\",\"valueRequired\":true,\"valueName\":\"search_term_string\"}}],\"inLanguage\":\"de\"},{\"@type\":\"Organization\",\"@id\":\"https:\\\/\\\/barbieri.shop\\\/#organization\",\"name\":\"Barbieri Shop\",\"url\":\"https:\\\/\\\/barbieri.shop\\\/\",\"logo\":{\"@type\":\"ImageObject\",\"inLanguage\":\"de\",\"@id\":\"https:\\\/\\\/barbieri.shop\\\/#\\\/schema\\\/logo\\\/image\\\/\",\"url\":\"https:\\\/\\\/barbieri.shop\\\/wp-content\\\/uploads\\\/2023\\\/12\\\/ROSA-1.png\",\"contentUrl\":\"https:\\\/\\\/barbieri.shop\\\/wp-content\\\/uploads\\\/2023\\\/12\\\/ROSA-1.png\",\"width\":5499,\"height\":608,\"caption\":\"Barbieri Shop\"},\"image\":{\"@id\":\"https:\\\/\\\/barbieri.shop\\\/#\\\/schema\\\/logo\\\/image\\\/\"},\"sameAs\":[\"https:\\\/\\\/www.facebook.com\\\/larioseta\"]},{\"@type\":\"Person\",\"@id\":\"https:\\\/\\\/barbieri.shop\\\/#\\\/schema\\\/person\\\/a7eb9a8c8a48765f97059e05908f1cf3\",\"name\":\"Immacolata\",\"url\":\"https:\\\/\\\/barbieri.shop\\\/de\\\/author\\\/immacolata\\\/\"}]}<\/script>\n<!-- \/ Yoast SEO plugin. -->","yoast_head_json":{"title":"Texturen, Eleganz und Innovation: Barbieri pr\u00e4sentiert die AW 26\u201327 Kollektion auf der WHITE","description":"Barbieri pr\u00e4sentiert die AW 26\u201327 Kollektion auf der WHITE, Seidenaccessoires, raffinierte Texturen und italienische Eleganz im Zeichen von Innovation.","robots":{"index":"index","follow":"follow","max-snippet":"max-snippet:-1","max-image-preview":"max-image-preview:large","max-video-preview":"max-video-preview:-1"},"canonical":"https:\/\/barbieri.shop\/de\/barbieri-praesentiert-die-aw-26-27-kollektion-auf-der-white\/","og_locale":"de_DE","og_type":"article","og_title":"Texturen, Eleganz und Innovation: Barbieri pr\u00e4sentiert die AW 26\u201327 Kollektion auf der WHITE","og_description":"Barbieri pr\u00e4sentiert die AW 26\u201327 Kollektion auf der WHITE, Seidenaccessoires, raffinierte Texturen und italienische Eleganz im Zeichen von Innovation.","og_url":"https:\/\/barbieri.shop\/de\/barbieri-praesentiert-die-aw-26-27-kollektion-auf-der-white\/","og_site_name":"Barbieri Shop","article_publisher":"https:\/\/www.facebook.com\/larioseta","article_published_time":"2026-03-11T12:24:55+00:00","article_modified_time":"2026-03-11T12:29:04+00:00","og_image":[{"width":1200,"height":800,"url":"https:\/\/barbieri.shop\/wp-content\/uploads\/2026\/03\/Barbieri_White_Milano_2026.jpg","type":"image\/jpeg"}],"author":"Immacolata","twitter_card":"summary_large_image","twitter_misc":{"Verfasst von":"Immacolata","Gesch\u00e4tzte Lesezeit":"6\u00a0Minuten"},"schema":{"@context":"https:\/\/schema.org","@graph":[{"@type":"Article","@id":"https:\/\/barbieri.shop\/de\/barbieri-praesentiert-die-aw-26-27-kollektion-auf-der-white\/#article","isPartOf":{"@id":"https:\/\/barbieri.shop\/de\/barbieri-praesentiert-die-aw-26-27-kollektion-auf-der-white\/"},"author":{"name":"Immacolata","@id":"https:\/\/barbieri.shop\/#\/schema\/person\/a7eb9a8c8a48765f97059e05908f1cf3"},"headline":"Texturen, Eleganz und Innovation: Barbieri pr\u00e4sentiert die AW 26\u201327 Kollektion auf der WHITE","datePublished":"2026-03-11T12:24:55+00:00","dateModified":"2026-03-11T12:29:04+00:00","mainEntityOfPage":{"@id":"https:\/\/barbieri.shop\/de\/barbieri-praesentiert-die-aw-26-27-kollektion-auf-der-white\/"},"wordCount":937,"publisher":{"@id":"https:\/\/barbieri.shop\/#organization"},"image":{"@id":"https:\/\/barbieri.shop\/de\/barbieri-praesentiert-die-aw-26-27-kollektion-auf-der-white\/#primaryimage"},"thumbnailUrl":"https:\/\/barbieri.shop\/wp-content\/uploads\/2026\/03\/Barbieri_White_Milano_2026.jpg","articleSection":["Messen &amp; Events"],"inLanguage":"de"},{"@type":"WebPage","@id":"https:\/\/barbieri.shop\/de\/barbieri-praesentiert-die-aw-26-27-kollektion-auf-der-white\/","url":"https:\/\/barbieri.shop\/de\/barbieri-praesentiert-die-aw-26-27-kollektion-auf-der-white\/","name":"Texturen, Eleganz und Innovation: Barbieri pr\u00e4sentiert die AW 26\u201327 Kollektion auf der WHITE","isPartOf":{"@id":"https:\/\/barbieri.shop\/#website"},"primaryImageOfPage":{"@id":"https:\/\/barbieri.shop\/de\/barbieri-praesentiert-die-aw-26-27-kollektion-auf-der-white\/#primaryimage"},"image":{"@id":"https:\/\/barbieri.shop\/de\/barbieri-praesentiert-die-aw-26-27-kollektion-auf-der-white\/#primaryimage"},"thumbnailUrl":"https:\/\/barbieri.shop\/wp-content\/uploads\/2026\/03\/Barbieri_White_Milano_2026.jpg","datePublished":"2026-03-11T12:24:55+00:00","dateModified":"2026-03-11T12:29:04+00:00","description":"Barbieri pr\u00e4sentiert die AW 26\u201327 Kollektion auf der WHITE, Seidenaccessoires, raffinierte Texturen und italienische Eleganz im Zeichen von Innovation.","breadcrumb":{"@id":"https:\/\/barbieri.shop\/de\/barbieri-praesentiert-die-aw-26-27-kollektion-auf-der-white\/#breadcrumb"},"inLanguage":"de","potentialAction":[{"@type":"ReadAction","target":["https:\/\/barbieri.shop\/de\/barbieri-praesentiert-die-aw-26-27-kollektion-auf-der-white\/"]}]},{"@type":"ImageObject","inLanguage":"de","@id":"https:\/\/barbieri.shop\/de\/barbieri-praesentiert-die-aw-26-27-kollektion-auf-der-white\/#primaryimage","url":"https:\/\/barbieri.shop\/wp-content\/uploads\/2026\/03\/Barbieri_White_Milano_2026.jpg","contentUrl":"https:\/\/barbieri.shop\/wp-content\/uploads\/2026\/03\/Barbieri_White_Milano_2026.jpg","width":1200,"height":800,"caption":"Barbieri auf der WHITE"},{"@type":"BreadcrumbList","@id":"https:\/\/barbieri.shop\/de\/barbieri-praesentiert-die-aw-26-27-kollektion-auf-der-white\/#breadcrumb","itemListElement":[{"@type":"ListItem","position":1,"name":"Home","item":"https:\/\/barbieri.shop\/de\/"},{"@type":"ListItem","position":2,"name":"Texturen, Eleganz und Innovation: Barbieri pr\u00e4sentiert die AW 26\u201327 Kollektion auf der WHITE"}]},{"@type":"WebSite","@id":"https:\/\/barbieri.shop\/#website","url":"https:\/\/barbieri.shop\/","name":"Barbieri Shop","description":"Foulard, sciarpe, accessori moda Made in Italy","publisher":{"@id":"https:\/\/barbieri.shop\/#organization"},"potentialAction":[{"@type":"SearchAction","target":{"@type":"EntryPoint","urlTemplate":"https:\/\/barbieri.shop\/?s={search_term_string}"},"query-input":{"@type":"PropertyValueSpecification","valueRequired":true,"valueName":"search_term_string"}}],"inLanguage":"de"},{"@type":"Organization","@id":"https:\/\/barbieri.shop\/#organization","name":"Barbieri Shop","url":"https:\/\/barbieri.shop\/","logo":{"@type":"ImageObject","inLanguage":"de","@id":"https:\/\/barbieri.shop\/#\/schema\/logo\/image\/","url":"https:\/\/barbieri.shop\/wp-content\/uploads\/2023\/12\/ROSA-1.png","contentUrl":"https:\/\/barbieri.shop\/wp-content\/uploads\/2023\/12\/ROSA-1.png","width":5499,"height":608,"caption":"Barbieri Shop"},"image":{"@id":"https:\/\/barbieri.shop\/#\/schema\/logo\/image\/"},"sameAs":["https:\/\/www.facebook.com\/larioseta"]},{"@type":"Person","@id":"https:\/\/barbieri.shop\/#\/schema\/person\/a7eb9a8c8a48765f97059e05908f1cf3","name":"Immacolata","url":"https:\/\/barbieri.shop\/de\/author\/immacolata\/"}]}},"_links":{"self":[{"href":"https:\/\/barbieri.shop\/de\/wp-json\/wp\/v2\/posts\/32973","targetHints":{"allow":["GET"]}}],"collection":[{"href":"https:\/\/barbieri.shop\/de\/wp-json\/wp\/v2\/posts"}],"about":[{"href":"https:\/\/barbieri.shop\/de\/wp-json\/wp\/v2\/types\/post"}],"author":[{"embeddable":true,"href":"https:\/\/barbieri.shop\/de\/wp-json\/wp\/v2\/users\/10"}],"replies":[{"embeddable":true,"href":"https:\/\/barbieri.shop\/de\/wp-json\/wp\/v2\/comments?post=32973"}],"version-history":[{"count":4,"href":"https:\/\/barbieri.shop\/de\/wp-json\/wp\/v2\/posts\/32973\/revisions"}],"predecessor-version":[{"id":33017,"href":"https:\/\/barbieri.shop\/de\/wp-json\/wp\/v2\/posts\/32973\/revisions\/33017"}],"wp:featuredmedia":[{"embeddable":true,"href":"https:\/\/barbieri.shop\/de\/wp-json\/wp\/v2\/media\/32969"}],"wp:attachment":[{"href":"https:\/\/barbieri.shop\/de\/wp-json\/wp\/v2\/media?parent=32973"}],"wp:term":[{"taxonomy":"category","embeddable":true,"href":"https:\/\/barbieri.shop\/de\/wp-json\/wp\/v2\/categories?post=32973"},{"taxonomy":"post_tag","embeddable":true,"href":"https:\/\/barbieri.shop\/de\/wp-json\/wp\/v2\/tags?post=32973"}],"curies":[{"name":"wp","href":"https:\/\/api.w.org\/{rel}","templated":true}]}}