{"id":31604,"date":"2025-12-15T11:53:56","date_gmt":"2025-12-15T10:53:56","guid":{"rendered":"https:\/\/barbieri.shop\/?p=31604"},"modified":"2025-12-15T11:57:32","modified_gmt":"2025-12-15T10:57:32","slug":"seidentwilly-mania-alle-styling-moeglichkeiten-vom-hals-ueber","status":"publish","type":"post","link":"https:\/\/barbieri.shop\/de\/seidentwilly-mania-alle-styling-moeglichkeiten-vom-hals-ueber\/","title":{"rendered":"Seidentwilly-Mania: alle Styling-M\u00f6glichkeiten, vom Hals \u00fcber das Handgelenk bis zur Tasche"},"content":{"rendered":"<p><strong>Das Seidentwilly, auch bekannt als <em>Minischal<\/em>, <em>Seidenband<\/em> oder <em>schmaler Seidenschal<\/em>,<\/strong> geh\u00f6rt zu jenen Accessoires, die auf den ersten Blick schlicht wirken, in Wirklichkeit jedoch eine reiche Geschichte, handwerkliche Tradition und \u00fcberraschende Vielseitigkeit in sich tragen.<\/p>\n<p><strong>Es entstand als nat\u00fcrliche Weiterentwicklung des klassischen Seidenschals, unterscheidet sich jedoch deutlich in Form und Funktion: schmaler, l\u00e4nger, dynamischer.<\/strong><\/p>\n<p>Seine Seele bleibt jedoch dieselbe: hochwertige Seide, kunstvolle Drucke, lebendige Farben und jene leise Eleganz, die keiner Inszenierung bedarf.<\/p>\n<h2>Die feinen Urspr\u00fcnge des Seidentwillys: eine Weiterentwicklung der Seidentradition<\/h2>\n<p><strong>Das Twilly hat seine Wurzeln in der Geschichte des franz\u00f6sischen Seidenschals, insbesondere in den traditionsreichen Modeh\u00e4usern, die den bedruckten Seidenschal erstmals zum Symbol der Raffinesse machten<\/strong>. Zwischen den 1930er- und 1950er-Jahren wurde der Schal zu einer Ikone der weiblichen Garderobe, vielfach kreativ um den Hals gebunden. Ende der 1950er tauchten dann schmalere und l\u00e4ngere Varianten auf \u2014 die Vorl\u00e4ufer des heutigen Twillys.<\/p>\n<p>Die eigentliche Wende kam in den 1960ern, als die Mode nach spielerischen, vielseitigen Accessoires suchte, die einen Look mit einer einzigen, m\u00fchelosen Geste ver\u00e4ndern konnten. In dieser Zeit etablierten Modeh\u00e4user schmale Seidenb\u00e4nder, gedacht f\u00fcr Frisuren, Handgelenke und Taschenhenkel.<\/p>\n<p><strong>In den 1990er-Jahren pr\u00e4gte Herm\u00e8s offiziell den Begriff \u201eTwilly\u201c und erhob das Accessoire zur Ikone<\/strong>: ein elegantes, zugleich l\u00e4ssiges Seidenband, das Pers\u00f6nlichkeit durch Knoten, Schleifen und Farbkombinationen ausdr\u00fcckt. Ab den 2000ern verbreitete sich das Twilly rasant \u2014 dank Streetstyle und digitaler Mode \u2014 und entwickelte sich zu dem genderlosen, kreativen Accessoire, das wir heute kennen.<\/p>\n<p><strong>Doch es gibt einen Ort, an dem Seide mehr ist als ein Stoff \u2014 sie ist eine Sprache: Como<\/strong>. Aus dieser Wiege der Exzellenz sch\u00f6pft <a href=\"https:\/\/barbieri.shop\/de\/unternehmen\/\">Barbieri<\/a> seine Inspiration und kreiert Twillys, die wahre textile Poesie sind.<\/p>\n<p>Jedes Modell ist eine moderne, vision\u00e4re Stilinterpretation. <strong><a href=\"https:\/\/barbieri.shop\/de\/produktkategorie\/seiden-twilly\/\">Ein Twilly von Barbieri<\/a> zu tragen bedeutet, zeitlosen Luxus zu w\u00e4hlen \u2014 ein St\u00fcck italienischer Geschichte, das sich st\u00e4ndig weiterentwickelt und Farbe und Design in eine unverwechselbare Geste verwandelt.<\/strong><\/p>\n<div id=\"attachment_31584\" style=\"width: 358px\" class=\"wp-caption alignnone\"><img fetchpriority=\"high\" decoding=\"async\" aria-describedby=\"caption-attachment-31584\" class=\"wp-image-31584\" src=\"https:\/\/barbieri.shop\/wp-content\/uploads\/2025\/12\/colori-twilly.jpg\" alt=\"Sechs Barbieri Seidentwillies in verschiedenen Farben\" width=\"348\" height=\"345\" srcset=\"https:\/\/barbieri.shop\/wp-content\/uploads\/2025\/12\/colori-twilly.jpg 599w, https:\/\/barbieri.shop\/wp-content\/uploads\/2025\/12\/colori-twilly-150x150.jpg 150w, https:\/\/barbieri.shop\/wp-content\/uploads\/2025\/12\/colori-twilly-100x100.jpg 100w\" sizes=\"(max-width: 348px) 100vw, 348px\" \/><p id=\"caption-attachment-31584\" class=\"wp-caption-text\">Die Farben des Seidentwillys<\/p><\/div>\n<p>Heute ist das Seidentwilly nicht nur ein schmaler Schal, sondern eine eigene Ausdrucksform: Jede Person interpretiert es auf ihre Weise.<\/p>\n<h2>Ein Tag im Leben einer Frau \u2014 und ihres Seidentwillys: tausend Arten, es zu tragen<\/h2>\n<p><strong>Um den Zauber des Twillys zu verstehen, stellt man sich einen gew\u00f6hnlichen Tag einer Frau vor, die in der Stadt arbeitet.<\/strong> Eine Frau, die Komfort sch\u00e4tzt, aber dennoch ein Detail sucht, das sie an ihre Identit\u00e4t erinnert \u2014 selbst in der Routine.<\/p>\n<p>Am Morgen, w\u00e4hrend sie sich f\u00fcrs B\u00fcro fertigmacht, w\u00e4hlt sie ein schlichtes Outfit: eine helle Bluse, einen strukturierten Blazer und einen dunklen Rock. Sie m\u00f6chte professionell wirken, aber dennoch sie selbst bleiben. <strong>Sie \u00f6ffnet ihre Accessoireschublade und greift nach ihrem liebsten Barbieri-Seidentwilly: schmal, leuchtend, mit Prints, die ihre Pers\u00f6nlichkeit widerspiegeln.<\/strong><\/p>\n<p>Mit einer schnellen Bewegung bindet sie es um ihren Hals, die Enden fallen asymmetrisch herab. In wenigen Zentimetern reiner Seide sp\u00fcrt sie einen Hauch Originalit\u00e4t und Charme, der die formale Strenge ihres Looks ausgleicht.<\/p>\n<p>Am Vormittag, w\u00e4hrend sie E-Mails schreibt oder an Meetings teilnimmt, <strong>bleibt das Twilly an Ort und Stelle \u2014 eine stille, elegante Begleitung<\/strong>, die ihr ein Gef\u00fchl nat\u00fcrlicher Stilsicherheit gibt, ohne sich in den Vordergrund zu dr\u00e4ngen.<\/p>\n<p>Zur Mittagszeit, wenn die Sonne die Stra\u00dfen hell erleuchtet, tritt sie nach drau\u00dfen: gro\u00dfe Sonnenbrille, Handy in der Tasche, Lust auf frische Luft. <strong>Der Wind bewegt ihr Haar, und spontan l\u00f6st sie das Twilly vom Hals und bindet es als Seidenhaarband<\/strong>.<br \/>\nEin instinktiver, fast verspielter Moment: Pl\u00f6tzlich wirkt der Look leichter, sommerlicher, entspannt und unbeschwert.<br \/>\nDie Seide, weich und k\u00fchl, f\u00e4ngt das Licht ein und verleiht ihr jene feminine Note, die nie aufdringlich, aber stets sichtbar ist.<\/p>\n<p>Der Nachmittag vergeht wie im Flug \u2014 Arbeit, ein Termin, noch eine letzte E-Mail. Doch die wahre Magie geschieht am Abend, wenn sie sich mit Freunden zum Essen trifft.<\/p>\n<p>Sie tr\u00e4gt ein elegantes Kleid, ein bordeauxrotes Etuikleid mit offenem R\u00fccken. Beim Blick in den Spiegel fehlt ihr ein kleines Detail. <strong>Sie \u00f6ffnet ihre Tasche und findet ihr Twilly \u2014 mehr braucht es nicht<\/strong>.<br \/>\nSie bindet es um den Henkel ihrer Handtasche, die Enden fallen wie ein farbenfrohes L\u00e4cheln herab. In einem Augenblick wird das kleinste Accessoire zum entscheidenden Akzent ihres gesamten Outfits.<\/p>\n<div id=\"attachment_31575\" style=\"width: 358px\" class=\"wp-caption alignnone\"><img decoding=\"async\" aria-describedby=\"caption-attachment-31575\" class=\"wp-image-31575\" src=\"https:\/\/barbieri.shop\/wp-content\/uploads\/2025\/12\/twilly-borsa.jpg\" alt=\"Ein Seidentwilly, der an den Henkeln einer rosafarbenen Handtasche gebunden ist\" width=\"348\" height=\"352\" srcset=\"https:\/\/barbieri.shop\/wp-content\/uploads\/2025\/12\/twilly-borsa.jpg 585w, https:\/\/barbieri.shop\/wp-content\/uploads\/2025\/12\/twilly-borsa-100x100.jpg 100w\" sizes=\"(max-width: 348px) 100vw, 348px\" \/><p id=\"caption-attachment-31575\" class=\"wp-caption-text\">Ein Seidentwilly am Griff einer Handtasche<\/p><\/div>\n<p><strong>Es ist eine einfache Geste \u2014 doch genau darin liegt die Kraft der Seide: Sie verwandelt sich, passt sich an, erfindet sich neu.<\/strong><\/p>\n<p>Und <strong>so begleitet derselbe Minischal die Frau durch drei verschiedene Tagesmomente und wird zu einem erz\u00e4hlerischen Accessoire<\/strong> \u2014 lebendig, ausdrucksstark und f\u00e4hig, ihre Geschichte besser zu erz\u00e4hlen als viele andere Teile ihrer Garderobe.<\/p>\n<h2>Warum das Seidentwilly wieder im Mittelpunkt steht<\/h2>\n<p>Der Erfolg des Twillys beruht nicht nur auf seiner \u00c4sthetik.<strong> Er entspringt seiner kreativen Wandelbarkeit \u2014 der M\u00f6glichkeit, es um den Hals, im Haar, am Handgelenk, an der Tasche, als schmalen G\u00fcrtel oder als dekoratives Detail zu tragen.<\/strong><\/p>\n<p><img decoding=\"async\" class=\"alignnone wp-image-31593\" src=\"https:\/\/barbieri.shop\/wp-content\/uploads\/2025\/12\/borsa-originale-600x595.jpg\" alt=\"Ein Seidentwilly, der an den Henkeln einer rosafarbenen Handtasche gebunden ist\" width=\"348\" height=\"345\" srcset=\"https:\/\/barbieri.shop\/wp-content\/uploads\/2025\/12\/borsa-originale-600x595.jpg 600w, https:\/\/barbieri.shop\/wp-content\/uploads\/2025\/12\/borsa-originale-150x150.jpg 150w, https:\/\/barbieri.shop\/wp-content\/uploads\/2025\/12\/borsa-originale-768x762.jpg 768w, https:\/\/barbieri.shop\/wp-content\/uploads\/2025\/12\/borsa-originale-100x100.jpg 100w, https:\/\/barbieri.shop\/wp-content\/uploads\/2025\/12\/borsa-originale.jpg 783w\" sizes=\"(max-width: 348px) 100vw, 348px\" \/><\/p>\n<p>Doch es gibt auch etwas Tieferes.<\/p>\n<p><strong>Ein Seidentwilly \u2014 besonders wenn er aus Stoffen gefertigt wird, die aus traditionellen Regionen wie Como stammen \u2014 tr\u00e4gt ein Erbe h\u00f6chster Qualit\u00e4t in sich:<\/strong> sp\u00fcrbar in der Farbbrillanz, im sorgf\u00e4ltigen Druck und in der Leichtigkeit, die nur echte Naturseide bietet.<\/p>\n<p>Es ist ein Accessoire, das von bewusstem Stil spricht, aber auch von Freiheit: Es schreibt keine Trageweise vor, sondern l\u00e4dt ein, M\u00f6glichkeiten zu entdecken. Ein Ausdrucksmittel, kein Zwang. <strong>Und vielleicht liegt genau darin sein Geheimnis: ein kleiner Schal, der wenig verlangt und viel zur\u00fcckgibt.<\/strong><\/p>\n<p><iframe title=\"twilly\" width=\"422\" height=\"750\" src=\"https:\/\/www.youtube.com\/embed\/mJKRGcwAVvk?feature=oembed\" frameborder=\"0\" allow=\"accelerometer; autoplay; clipboard-write; encrypted-media; gyroscope; picture-in-picture; web-share\" referrerpolicy=\"strict-origin-when-cross-origin\" allowfullscreen><\/iframe><\/p>\n<p>&nbsp;<\/p>\n<p><a href=\"https:\/\/barbieri.shop\/de\/produktkategorie\/seiden-twilly\/\"><em>Lass dich inspirieren und w\u00e4hle das Barbieri-Seidentwilly, das zu dir spricht.<\/em><\/a><\/p>\n","protected":false},"excerpt":{"rendered":"<p>Das Seidentwilly, auch bekannt als Minischal, Seidenband oder schmaler Seidenschal, geh\u00f6rt zu jenen Accessoires, die auf den ersten Blick schlicht wirken, in Wirklichkeit jedoch eine reiche Geschichte, handwerkliche Tradition und \u00fcberraschende Vielseitigkeit in sich tragen. Es entstand als nat\u00fcrliche Weiterentwicklung des klassischen Seidenschals, unterscheidet sich jedoch deutlich in Form und Funktion: schmaler, l\u00e4nger, dynamischer. Seine [&hellip;]<\/p>\n","protected":false},"author":10,"featured_media":31560,"comment_status":"closed","ping_status":"closed","sticky":false,"template":"","format":"standard","meta":{"_acf_changed":false,"footnotes":""},"categories":[728,727],"tags":[],"class_list":["post-31604","post","type-post","status-publish","format-standard","has-post-thumbnail","hentry","category-accessoires-mode","category-stil-trends"],"acf":[],"yoast_head":"<!-- This site is optimized with the Yoast SEO plugin v28.3 - https:\/\/yoast.com\/product\/yoast-seo-wordpress\/ -->\n<title>Seidentwilly-Mania: alle Styling-M\u00f6glichkeiten, vom Hals \u00fcber das Handgelenk bis zur Tasche<\/title>\n<meta name=\"description\" content=\"Seidentwilly-Mania: Entdecke alle Styling-M\u00f6glichkeiten \u2013 vom Hals \u00fcber das Handgelenk bis zur Tasche \u2013 f\u00fcr einen eleganten und vielseitigen Look.\" \/>\n<meta name=\"robots\" content=\"index, follow, max-snippet:-1, max-image-preview:large, max-video-preview:-1\" \/>\n<link rel=\"canonical\" href=\"https:\/\/barbieri.shop\/de\/seidentwilly-mania-alle-styling-moeglichkeiten-vom-hals-ueber\/\" \/>\n<meta property=\"og:locale\" content=\"de_DE\" \/>\n<meta property=\"og:type\" content=\"article\" \/>\n<meta property=\"og:title\" content=\"Seidentwilly-Mania: alle Styling-M\u00f6glichkeiten, vom Hals \u00fcber das Handgelenk bis zur Tasche\" \/>\n<meta property=\"og:description\" content=\"Seidentwilly-Mania: Entdecke alle Styling-M\u00f6glichkeiten \u2013 vom Hals \u00fcber das Handgelenk bis zur Tasche \u2013 f\u00fcr einen eleganten und vielseitigen Look.\" \/>\n<meta property=\"og:url\" content=\"https:\/\/barbieri.shop\/de\/seidentwilly-mania-alle-styling-moeglichkeiten-vom-hals-ueber\/\" \/>\n<meta property=\"og:site_name\" content=\"Barbieri Shop\" \/>\n<meta property=\"article:publisher\" content=\"https:\/\/www.facebook.com\/larioseta\" \/>\n<meta property=\"article:published_time\" content=\"2025-12-15T10:53:56+00:00\" \/>\n<meta property=\"article:modified_time\" content=\"2025-12-15T10:57:32+00:00\" \/>\n<meta property=\"og:image\" content=\"https:\/\/barbieri.shop\/wp-content\/uploads\/2025\/12\/twilly-di-seta.jpg\" \/>\n\t<meta property=\"og:image:width\" content=\"1200\" \/>\n\t<meta property=\"og:image:height\" content=\"800\" \/>\n\t<meta property=\"og:image:type\" content=\"image\/jpeg\" \/>\n<meta name=\"author\" content=\"Immacolata\" \/>\n<meta name=\"twitter:card\" content=\"summary_large_image\" \/>\n<meta name=\"twitter:label1\" content=\"Verfasst von\" \/>\n\t<meta name=\"twitter:data1\" content=\"Immacolata\" \/>\n\t<meta name=\"twitter:label2\" content=\"Gesch\u00e4tzte Lesezeit\" \/>\n\t<meta name=\"twitter:data2\" content=\"5\u00a0Minuten\" \/>\n<script type=\"application\/ld+json\" class=\"yoast-schema-graph\">{\"@context\":\"https:\\\/\\\/schema.org\",\"@graph\":[{\"@type\":\"Article\",\"@id\":\"https:\\\/\\\/barbieri.shop\\\/de\\\/seidentwilly-mania-alle-styling-moeglichkeiten-vom-hals-ueber\\\/#article\",\"isPartOf\":{\"@id\":\"https:\\\/\\\/barbieri.shop\\\/de\\\/seidentwilly-mania-alle-styling-moeglichkeiten-vom-hals-ueber\\\/\"},\"author\":{\"name\":\"Immacolata\",\"@id\":\"https:\\\/\\\/barbieri.shop\\\/#\\\/schema\\\/person\\\/a7eb9a8c8a48765f97059e05908f1cf3\"},\"headline\":\"Seidentwilly-Mania: alle Styling-M\u00f6glichkeiten, vom Hals \u00fcber das Handgelenk bis zur Tasche\",\"datePublished\":\"2025-12-15T10:53:56+00:00\",\"dateModified\":\"2025-12-15T10:57:32+00:00\",\"mainEntityOfPage\":{\"@id\":\"https:\\\/\\\/barbieri.shop\\\/de\\\/seidentwilly-mania-alle-styling-moeglichkeiten-vom-hals-ueber\\\/\"},\"wordCount\":971,\"publisher\":{\"@id\":\"https:\\\/\\\/barbieri.shop\\\/#organization\"},\"image\":{\"@id\":\"https:\\\/\\\/barbieri.shop\\\/de\\\/seidentwilly-mania-alle-styling-moeglichkeiten-vom-hals-ueber\\\/#primaryimage\"},\"thumbnailUrl\":\"https:\\\/\\\/barbieri.shop\\\/wp-content\\\/uploads\\\/2025\\\/12\\\/twilly-di-seta.jpg\",\"articleSection\":[\"Accessoires &amp; Mode\",\"Stil &amp; Trends\"],\"inLanguage\":\"de\"},{\"@type\":\"WebPage\",\"@id\":\"https:\\\/\\\/barbieri.shop\\\/de\\\/seidentwilly-mania-alle-styling-moeglichkeiten-vom-hals-ueber\\\/\",\"url\":\"https:\\\/\\\/barbieri.shop\\\/de\\\/seidentwilly-mania-alle-styling-moeglichkeiten-vom-hals-ueber\\\/\",\"name\":\"Seidentwilly-Mania: alle Styling-M\u00f6glichkeiten, vom Hals \u00fcber das Handgelenk bis zur Tasche\",\"isPartOf\":{\"@id\":\"https:\\\/\\\/barbieri.shop\\\/#website\"},\"primaryImageOfPage\":{\"@id\":\"https:\\\/\\\/barbieri.shop\\\/de\\\/seidentwilly-mania-alle-styling-moeglichkeiten-vom-hals-ueber\\\/#primaryimage\"},\"image\":{\"@id\":\"https:\\\/\\\/barbieri.shop\\\/de\\\/seidentwilly-mania-alle-styling-moeglichkeiten-vom-hals-ueber\\\/#primaryimage\"},\"thumbnailUrl\":\"https:\\\/\\\/barbieri.shop\\\/wp-content\\\/uploads\\\/2025\\\/12\\\/twilly-di-seta.jpg\",\"datePublished\":\"2025-12-15T10:53:56+00:00\",\"dateModified\":\"2025-12-15T10:57:32+00:00\",\"description\":\"Seidentwilly-Mania: Entdecke alle Styling-M\u00f6glichkeiten \u2013 vom Hals \u00fcber das Handgelenk bis zur Tasche \u2013 f\u00fcr einen eleganten und vielseitigen Look.\",\"breadcrumb\":{\"@id\":\"https:\\\/\\\/barbieri.shop\\\/de\\\/seidentwilly-mania-alle-styling-moeglichkeiten-vom-hals-ueber\\\/#breadcrumb\"},\"inLanguage\":\"de\",\"potentialAction\":[{\"@type\":\"ReadAction\",\"target\":[\"https:\\\/\\\/barbieri.shop\\\/de\\\/seidentwilly-mania-alle-styling-moeglichkeiten-vom-hals-ueber\\\/\"]}]},{\"@type\":\"ImageObject\",\"inLanguage\":\"de\",\"@id\":\"https:\\\/\\\/barbieri.shop\\\/de\\\/seidentwilly-mania-alle-styling-moeglichkeiten-vom-hals-ueber\\\/#primaryimage\",\"url\":\"https:\\\/\\\/barbieri.shop\\\/wp-content\\\/uploads\\\/2025\\\/12\\\/twilly-di-seta.jpg\",\"contentUrl\":\"https:\\\/\\\/barbieri.shop\\\/wp-content\\\/uploads\\\/2025\\\/12\\\/twilly-di-seta.jpg\",\"width\":1200,\"height\":800,\"caption\":\"Seidentwilly-Mania\"},{\"@type\":\"BreadcrumbList\",\"@id\":\"https:\\\/\\\/barbieri.shop\\\/de\\\/seidentwilly-mania-alle-styling-moeglichkeiten-vom-hals-ueber\\\/#breadcrumb\",\"itemListElement\":[{\"@type\":\"ListItem\",\"position\":1,\"name\":\"Home\",\"item\":\"https:\\\/\\\/barbieri.shop\\\/de\\\/\"},{\"@type\":\"ListItem\",\"position\":2,\"name\":\"Seidentwilly-Mania: alle Styling-M\u00f6glichkeiten, vom Hals \u00fcber das Handgelenk bis zur Tasche\"}]},{\"@type\":\"WebSite\",\"@id\":\"https:\\\/\\\/barbieri.shop\\\/#website\",\"url\":\"https:\\\/\\\/barbieri.shop\\\/\",\"name\":\"Barbieri Shop\",\"description\":\"Foulard, sciarpe, accessori moda Made in Italy\",\"publisher\":{\"@id\":\"https:\\\/\\\/barbieri.shop\\\/#organization\"},\"potentialAction\":[{\"@type\":\"SearchAction\",\"target\":{\"@type\":\"EntryPoint\",\"urlTemplate\":\"https:\\\/\\\/barbieri.shop\\\/?s={search_term_string}\"},\"query-input\":{\"@type\":\"PropertyValueSpecification\",\"valueRequired\":true,\"valueName\":\"search_term_string\"}}],\"inLanguage\":\"de\"},{\"@type\":\"Organization\",\"@id\":\"https:\\\/\\\/barbieri.shop\\\/#organization\",\"name\":\"Barbieri Shop\",\"url\":\"https:\\\/\\\/barbieri.shop\\\/\",\"logo\":{\"@type\":\"ImageObject\",\"inLanguage\":\"de\",\"@id\":\"https:\\\/\\\/barbieri.shop\\\/#\\\/schema\\\/logo\\\/image\\\/\",\"url\":\"https:\\\/\\\/barbieri.shop\\\/wp-content\\\/uploads\\\/2023\\\/12\\\/ROSA-1.png\",\"contentUrl\":\"https:\\\/\\\/barbieri.shop\\\/wp-content\\\/uploads\\\/2023\\\/12\\\/ROSA-1.png\",\"width\":5499,\"height\":608,\"caption\":\"Barbieri Shop\"},\"image\":{\"@id\":\"https:\\\/\\\/barbieri.shop\\\/#\\\/schema\\\/logo\\\/image\\\/\"},\"sameAs\":[\"https:\\\/\\\/www.facebook.com\\\/larioseta\"]},{\"@type\":\"Person\",\"@id\":\"https:\\\/\\\/barbieri.shop\\\/#\\\/schema\\\/person\\\/a7eb9a8c8a48765f97059e05908f1cf3\",\"name\":\"Immacolata\",\"url\":\"https:\\\/\\\/barbieri.shop\\\/de\\\/author\\\/immacolata\\\/\"}]}<\/script>\n<!-- \/ Yoast SEO plugin. -->","yoast_head_json":{"title":"Seidentwilly-Mania: alle Styling-M\u00f6glichkeiten, vom Hals \u00fcber das Handgelenk bis zur Tasche","description":"Seidentwilly-Mania: Entdecke alle Styling-M\u00f6glichkeiten \u2013 vom Hals \u00fcber das Handgelenk bis zur Tasche \u2013 f\u00fcr einen eleganten und vielseitigen Look.","robots":{"index":"index","follow":"follow","max-snippet":"max-snippet:-1","max-image-preview":"max-image-preview:large","max-video-preview":"max-video-preview:-1"},"canonical":"https:\/\/barbieri.shop\/de\/seidentwilly-mania-alle-styling-moeglichkeiten-vom-hals-ueber\/","og_locale":"de_DE","og_type":"article","og_title":"Seidentwilly-Mania: alle Styling-M\u00f6glichkeiten, vom Hals \u00fcber das Handgelenk bis zur Tasche","og_description":"Seidentwilly-Mania: Entdecke alle Styling-M\u00f6glichkeiten \u2013 vom Hals \u00fcber das Handgelenk bis zur Tasche \u2013 f\u00fcr einen eleganten und vielseitigen Look.","og_url":"https:\/\/barbieri.shop\/de\/seidentwilly-mania-alle-styling-moeglichkeiten-vom-hals-ueber\/","og_site_name":"Barbieri Shop","article_publisher":"https:\/\/www.facebook.com\/larioseta","article_published_time":"2025-12-15T10:53:56+00:00","article_modified_time":"2025-12-15T10:57:32+00:00","og_image":[{"width":1200,"height":800,"url":"https:\/\/barbieri.shop\/wp-content\/uploads\/2025\/12\/twilly-di-seta.jpg","type":"image\/jpeg"}],"author":"Immacolata","twitter_card":"summary_large_image","twitter_misc":{"Verfasst von":"Immacolata","Gesch\u00e4tzte Lesezeit":"5\u00a0Minuten"},"schema":{"@context":"https:\/\/schema.org","@graph":[{"@type":"Article","@id":"https:\/\/barbieri.shop\/de\/seidentwilly-mania-alle-styling-moeglichkeiten-vom-hals-ueber\/#article","isPartOf":{"@id":"https:\/\/barbieri.shop\/de\/seidentwilly-mania-alle-styling-moeglichkeiten-vom-hals-ueber\/"},"author":{"name":"Immacolata","@id":"https:\/\/barbieri.shop\/#\/schema\/person\/a7eb9a8c8a48765f97059e05908f1cf3"},"headline":"Seidentwilly-Mania: alle Styling-M\u00f6glichkeiten, vom Hals \u00fcber das Handgelenk bis zur Tasche","datePublished":"2025-12-15T10:53:56+00:00","dateModified":"2025-12-15T10:57:32+00:00","mainEntityOfPage":{"@id":"https:\/\/barbieri.shop\/de\/seidentwilly-mania-alle-styling-moeglichkeiten-vom-hals-ueber\/"},"wordCount":971,"publisher":{"@id":"https:\/\/barbieri.shop\/#organization"},"image":{"@id":"https:\/\/barbieri.shop\/de\/seidentwilly-mania-alle-styling-moeglichkeiten-vom-hals-ueber\/#primaryimage"},"thumbnailUrl":"https:\/\/barbieri.shop\/wp-content\/uploads\/2025\/12\/twilly-di-seta.jpg","articleSection":["Accessoires &amp; Mode","Stil &amp; Trends"],"inLanguage":"de"},{"@type":"WebPage","@id":"https:\/\/barbieri.shop\/de\/seidentwilly-mania-alle-styling-moeglichkeiten-vom-hals-ueber\/","url":"https:\/\/barbieri.shop\/de\/seidentwilly-mania-alle-styling-moeglichkeiten-vom-hals-ueber\/","name":"Seidentwilly-Mania: alle Styling-M\u00f6glichkeiten, vom Hals \u00fcber das Handgelenk bis zur Tasche","isPartOf":{"@id":"https:\/\/barbieri.shop\/#website"},"primaryImageOfPage":{"@id":"https:\/\/barbieri.shop\/de\/seidentwilly-mania-alle-styling-moeglichkeiten-vom-hals-ueber\/#primaryimage"},"image":{"@id":"https:\/\/barbieri.shop\/de\/seidentwilly-mania-alle-styling-moeglichkeiten-vom-hals-ueber\/#primaryimage"},"thumbnailUrl":"https:\/\/barbieri.shop\/wp-content\/uploads\/2025\/12\/twilly-di-seta.jpg","datePublished":"2025-12-15T10:53:56+00:00","dateModified":"2025-12-15T10:57:32+00:00","description":"Seidentwilly-Mania: Entdecke alle Styling-M\u00f6glichkeiten \u2013 vom Hals \u00fcber das Handgelenk bis zur Tasche \u2013 f\u00fcr einen eleganten und vielseitigen Look.","breadcrumb":{"@id":"https:\/\/barbieri.shop\/de\/seidentwilly-mania-alle-styling-moeglichkeiten-vom-hals-ueber\/#breadcrumb"},"inLanguage":"de","potentialAction":[{"@type":"ReadAction","target":["https:\/\/barbieri.shop\/de\/seidentwilly-mania-alle-styling-moeglichkeiten-vom-hals-ueber\/"]}]},{"@type":"ImageObject","inLanguage":"de","@id":"https:\/\/barbieri.shop\/de\/seidentwilly-mania-alle-styling-moeglichkeiten-vom-hals-ueber\/#primaryimage","url":"https:\/\/barbieri.shop\/wp-content\/uploads\/2025\/12\/twilly-di-seta.jpg","contentUrl":"https:\/\/barbieri.shop\/wp-content\/uploads\/2025\/12\/twilly-di-seta.jpg","width":1200,"height":800,"caption":"Seidentwilly-Mania"},{"@type":"BreadcrumbList","@id":"https:\/\/barbieri.shop\/de\/seidentwilly-mania-alle-styling-moeglichkeiten-vom-hals-ueber\/#breadcrumb","itemListElement":[{"@type":"ListItem","position":1,"name":"Home","item":"https:\/\/barbieri.shop\/de\/"},{"@type":"ListItem","position":2,"name":"Seidentwilly-Mania: alle Styling-M\u00f6glichkeiten, vom Hals \u00fcber das Handgelenk bis zur Tasche"}]},{"@type":"WebSite","@id":"https:\/\/barbieri.shop\/#website","url":"https:\/\/barbieri.shop\/","name":"Barbieri Shop","description":"Foulard, sciarpe, accessori moda Made in Italy","publisher":{"@id":"https:\/\/barbieri.shop\/#organization"},"potentialAction":[{"@type":"SearchAction","target":{"@type":"EntryPoint","urlTemplate":"https:\/\/barbieri.shop\/?s={search_term_string}"},"query-input":{"@type":"PropertyValueSpecification","valueRequired":true,"valueName":"search_term_string"}}],"inLanguage":"de"},{"@type":"Organization","@id":"https:\/\/barbieri.shop\/#organization","name":"Barbieri Shop","url":"https:\/\/barbieri.shop\/","logo":{"@type":"ImageObject","inLanguage":"de","@id":"https:\/\/barbieri.shop\/#\/schema\/logo\/image\/","url":"https:\/\/barbieri.shop\/wp-content\/uploads\/2023\/12\/ROSA-1.png","contentUrl":"https:\/\/barbieri.shop\/wp-content\/uploads\/2023\/12\/ROSA-1.png","width":5499,"height":608,"caption":"Barbieri Shop"},"image":{"@id":"https:\/\/barbieri.shop\/#\/schema\/logo\/image\/"},"sameAs":["https:\/\/www.facebook.com\/larioseta"]},{"@type":"Person","@id":"https:\/\/barbieri.shop\/#\/schema\/person\/a7eb9a8c8a48765f97059e05908f1cf3","name":"Immacolata","url":"https:\/\/barbieri.shop\/de\/author\/immacolata\/"}]}},"_links":{"self":[{"href":"https:\/\/barbieri.shop\/de\/wp-json\/wp\/v2\/posts\/31604","targetHints":{"allow":["GET"]}}],"collection":[{"href":"https:\/\/barbieri.shop\/de\/wp-json\/wp\/v2\/posts"}],"about":[{"href":"https:\/\/barbieri.shop\/de\/wp-json\/wp\/v2\/types\/post"}],"author":[{"embeddable":true,"href":"https:\/\/barbieri.shop\/de\/wp-json\/wp\/v2\/users\/10"}],"replies":[{"embeddable":true,"href":"https:\/\/barbieri.shop\/de\/wp-json\/wp\/v2\/comments?post=31604"}],"version-history":[{"count":3,"href":"https:\/\/barbieri.shop\/de\/wp-json\/wp\/v2\/posts\/31604\/revisions"}],"predecessor-version":[{"id":31611,"href":"https:\/\/barbieri.shop\/de\/wp-json\/wp\/v2\/posts\/31604\/revisions\/31611"}],"wp:featuredmedia":[{"embeddable":true,"href":"https:\/\/barbieri.shop\/de\/wp-json\/wp\/v2\/media\/31560"}],"wp:attachment":[{"href":"https:\/\/barbieri.shop\/de\/wp-json\/wp\/v2\/media?parent=31604"}],"wp:term":[{"taxonomy":"category","embeddable":true,"href":"https:\/\/barbieri.shop\/de\/wp-json\/wp\/v2\/categories?post=31604"},{"taxonomy":"post_tag","embeddable":true,"href":"https:\/\/barbieri.shop\/de\/wp-json\/wp\/v2\/tags?post=31604"}],"curies":[{"name":"wp","href":"https:\/\/api.w.org\/{rel}","templated":true}]}}