{"id":29475,"date":"2025-09-14T06:11:40","date_gmt":"2025-09-14T04:11:40","guid":{"rendered":"https:\/\/barbieri.shop\/?p=29475"},"modified":"2025-11-05T12:00:32","modified_gmt":"2025-11-05T11:00:32","slug":"barbieri-arrives-in-new-york-presentation-of-the-ss-26-collection-at-stand-5630-of-the-coterie-international-trade-fair","status":"publish","type":"post","link":"https:\/\/barbieri.shop\/de\/barbieri-arrives-in-new-york-presentation-of-the-ss-26-collection-at-stand-5630-of-the-coterie-international-trade-fair\/","title":{"rendered":"Barbieri kommt nach New York: Pr\u00e4sentation der Kollektion SS 26 am Stand 5630 der internationalen Fachmesse COTERIE."},"content":{"rendered":"\t\t<div data-elementor-type=\"wp-post\" data-elementor-id=\"29475\" class=\"elementor elementor-29475 elementor-14586\">\n\t\t\t\t\t\t<section class=\"elementor-section elementor-top-section elementor-element elementor-element-724ed8f2 elementor-section-boxed elementor-section-height-default elementor-section-height-default\" data-id=\"724ed8f2\" data-element_type=\"section\" data-e-type=\"section\">\n\t\t\t\t\t\t<div class=\"elementor-container elementor-column-gap-default\">\n\t\t\t\t\t<div class=\"elementor-column elementor-col-100 elementor-top-column elementor-element elementor-element-3487d17\" data-id=\"3487d17\" data-element_type=\"column\" data-e-type=\"column\">\n\t\t\t<div class=\"elementor-widget-wrap elementor-element-populated\">\n\t\t\t\t\t\t<div class=\"elementor-element elementor-element-8381a71 elementor-widget elementor-widget-text-editor\" data-id=\"8381a71\" data-element_type=\"widget\" data-e-type=\"widget\" data-widget_type=\"text-editor.default\">\n\t\t\t\t<div class=\"elementor-widget-container\">\n\t\t\t\t\t\t\t\t\t<p>Barbieri kommt nach New York: Pr\u00e4sentation der Kollektion SS 26 am Stand 5630<\/p><p>Vom 14. bis 16. September 2025 fand im Jacob K. Javits Convention Center in New York die Herbstausgabe der internationalen Messe COTERIE New York statt, einem Bezugspunkt f\u00fcr zeitgen\u00f6ssische und fortgeschrittene zeitgen\u00f6ssische Mode.\u00a0<\/p><p>Das Team von barbieri.shop war sehr stolz darauf, mit einem eigenen Stand (Stand 5630) an der Veranstaltung teilzunehmen, wo die neue Kollektion SS 26 erstmals vorgestellt wurde.<\/p><p>Die Teilnahme an der Messe war ein wichtiger Moment f\u00fcr die Marke: eine Gelegenheit, sich mit internationalen Eink\u00e4ufern auszutauschen, neue Trends zu entdecken und die stilistische Vision von Barbieri zu teilen. Das inspirierende Umfeld der Messe \u2013 mit \u00fcber 700 Marken aus aller Welt und innovativen Eink\u00e4uferprogrammen \u2013 bot eine ideale B\u00fchne f\u00fcr die kommende Saison.<\/p><p><img fetchpriority=\"high\" decoding=\"async\" class=\"alignnone wp-image-29376 size-full\" src=\"https:\/\/barbieri.shop\/wp-content\/uploads\/2025\/11\/INVITO-COTERIE.jpg\" alt=\"\" width=\"1080\" height=\"1080\" srcset=\"https:\/\/barbieri.shop\/wp-content\/uploads\/2025\/11\/INVITO-COTERIE.jpg 1080w, https:\/\/barbieri.shop\/wp-content\/uploads\/2025\/11\/INVITO-COTERIE-600x600.jpg 600w, https:\/\/barbieri.shop\/wp-content\/uploads\/2025\/11\/INVITO-COTERIE-1024x1024.jpg 1024w, https:\/\/barbieri.shop\/wp-content\/uploads\/2025\/11\/INVITO-COTERIE-150x150.jpg 150w, https:\/\/barbieri.shop\/wp-content\/uploads\/2025\/11\/INVITO-COTERIE-768x768.jpg 768w, https:\/\/barbieri.shop\/wp-content\/uploads\/2025\/11\/INVITO-COTERIE-800x800.jpg 800w, https:\/\/barbieri.shop\/wp-content\/uploads\/2025\/11\/INVITO-COTERIE-400x400.jpg 400w, https:\/\/barbieri.shop\/wp-content\/uploads\/2025\/11\/INVITO-COTERIE-100x100.jpg 100w\" sizes=\"(max-width: 1080px) 100vw, 1080px\" \/><\/p><p>W\u00e4hrend der drei Tage empfing der Stand 5630 Besucher, Partner und Liebhaber mit einer Einrichtung, die Eleganz und Konkretheit vereinte: ausgew\u00e4hlte Stoffe, gepflegte Oberfl\u00e4chen und eine Vorschau auf die Kollektion, die in die Zukunft blickt, ohne die starke handwerkliche Identit\u00e4t der Marke zu vergessen. Ein Moment des Austauschs und der Sichtbarkeit, der das Engagement von Barbieri f\u00fcr Qualit\u00e4t, Stil und Innovation unterstreicht.<\/p><p>Vielen Dank an alle, die uns am Stand besucht und dieses Erlebnis in New York zu etwas Besonderem gemacht haben. Und f\u00fcr alle, die nicht dabei sein konnten: Die Kollektion SS 26 ist bereits online auf barbieri.shop und in unseren Partner-Showrooms erh\u00e4ltlich \u2013 bleiben Sie dran, um alle Details zu erfahren.<\/p>\t\t\t\t\t\t\t\t<\/div>\n\t\t\t\t<\/div>\n\t\t\t\t\t<\/div>\n\t\t<\/div>\n\t\t\t\t\t<\/div>\n\t\t<\/section>\n\t\t\t\t<\/div>\n\t\t","protected":false},"excerpt":{"rendered":"<p>Barbieri kommt nach New York: Pr\u00e4sentation der Kollektion SS 26 am Stand 5630 Vom 14. bis 16. September 2025 fand im Jacob K. Javits Convention Center in New York die Herbstausgabe der internationalen Messe COTERIE New York statt, einem Bezugspunkt f\u00fcr zeitgen\u00f6ssische und fortgeschrittene zeitgen\u00f6ssische Mode.\u00a0 Das Team von barbieri.shop war sehr stolz darauf, mit [&hellip;]<\/p>\n","protected":false},"author":1,"featured_media":31931,"comment_status":"closed","ping_status":"closed","sticky":false,"template":"","format":"standard","meta":{"_acf_changed":false,"footnotes":""},"categories":[353],"tags":[],"class_list":["post-29475","post","type-post","status-publish","format-standard","has-post-thumbnail","hentry","category-unkategorisiert"],"acf":[],"yoast_head":"<!-- This site is optimized with the Yoast SEO plugin v28.3 - https:\/\/yoast.com\/product\/yoast-seo-wordpress\/ -->\n<title>Barbieri kommt nach New York: Pr\u00e4sentation der Kollektion SS 26 am Stand 5630 der internationalen Fachmesse COTERIE.<\/title>\n<meta name=\"robots\" content=\"index, follow, max-snippet:-1, max-image-preview:large, max-video-preview:-1\" \/>\n<link rel=\"canonical\" href=\"https:\/\/barbieri.shop\/de\/barbieri-arrives-in-new-york-presentation-of-the-ss-26-collection-at-stand-5630-of-the-coterie-international-trade-fair\/\" \/>\n<meta property=\"og:locale\" content=\"de_DE\" \/>\n<meta property=\"og:type\" content=\"article\" \/>\n<meta property=\"og:title\" content=\"Barbieri kommt nach New York: Pr\u00e4sentation der Kollektion SS 26 am Stand 5630 der internationalen Fachmesse COTERIE.\" \/>\n<meta property=\"og:description\" content=\"Barbieri kommt nach New York: Pr\u00e4sentation der Kollektion SS 26 am Stand 5630 Vom 14. bis 16. September 2025 fand im Jacob K. Javits Convention Center in New York die Herbstausgabe der internationalen Messe COTERIE New York statt, einem Bezugspunkt f\u00fcr zeitgen\u00f6ssische und fortgeschrittene zeitgen\u00f6ssische Mode.\u00a0 Das Team von barbieri.shop war sehr stolz darauf, mit [&hellip;]\" \/>\n<meta property=\"og:url\" content=\"https:\/\/barbieri.shop\/de\/barbieri-arrives-in-new-york-presentation-of-the-ss-26-collection-at-stand-5630-of-the-coterie-international-trade-fair\/\" \/>\n<meta property=\"og:site_name\" content=\"Barbieri Shop\" \/>\n<meta property=\"article:publisher\" content=\"https:\/\/www.facebook.com\/larioseta\" \/>\n<meta property=\"article:published_time\" content=\"2025-09-14T04:11:40+00:00\" \/>\n<meta property=\"article:modified_time\" content=\"2025-11-05T11:00:32+00:00\" \/>\n<meta property=\"og:image\" content=\"https:\/\/barbieri.shop\/wp-content\/uploads\/2025\/09\/copertina_coterie_ny_settembre_25.jpg\" \/>\n\t<meta property=\"og:image:width\" content=\"1200\" \/>\n\t<meta property=\"og:image:height\" content=\"800\" \/>\n\t<meta property=\"og:image:type\" content=\"image\/jpeg\" \/>\n<meta name=\"author\" content=\"Larioseta_shop\" \/>\n<meta name=\"twitter:card\" content=\"summary_large_image\" \/>\n<meta name=\"twitter:label1\" content=\"Verfasst von\" \/>\n\t<meta name=\"twitter:data1\" content=\"Larioseta_shop\" \/>\n\t<meta name=\"twitter:label2\" content=\"Gesch\u00e4tzte Lesezeit\" \/>\n\t<meta name=\"twitter:data2\" content=\"1\u00a0Minute\" \/>\n<script type=\"application\/ld+json\" class=\"yoast-schema-graph\">{\"@context\":\"https:\\\/\\\/schema.org\",\"@graph\":[{\"@type\":\"Article\",\"@id\":\"https:\\\/\\\/barbieri.shop\\\/de\\\/barbieri-arrives-in-new-york-presentation-of-the-ss-26-collection-at-stand-5630-of-the-coterie-international-trade-fair\\\/#article\",\"isPartOf\":{\"@id\":\"https:\\\/\\\/barbieri.shop\\\/de\\\/barbieri-arrives-in-new-york-presentation-of-the-ss-26-collection-at-stand-5630-of-the-coterie-international-trade-fair\\\/\"},\"author\":{\"name\":\"Larioseta_shop\",\"@id\":\"https:\\\/\\\/barbieri.shop\\\/#\\\/schema\\\/person\\\/8895556539195b629cb6953238d7c8c7\"},\"headline\":\"Barbieri kommt nach New York: Pr\u00e4sentation der Kollektion SS 26 am Stand 5630 der internationalen Fachmesse COTERIE.\",\"datePublished\":\"2025-09-14T04:11:40+00:00\",\"dateModified\":\"2025-11-05T11:00:32+00:00\",\"mainEntityOfPage\":{\"@id\":\"https:\\\/\\\/barbieri.shop\\\/de\\\/barbieri-arrives-in-new-york-presentation-of-the-ss-26-collection-at-stand-5630-of-the-coterie-international-trade-fair\\\/\"},\"wordCount\":264,\"publisher\":{\"@id\":\"https:\\\/\\\/barbieri.shop\\\/#organization\"},\"image\":{\"@id\":\"https:\\\/\\\/barbieri.shop\\\/de\\\/barbieri-arrives-in-new-york-presentation-of-the-ss-26-collection-at-stand-5630-of-the-coterie-international-trade-fair\\\/#primaryimage\"},\"thumbnailUrl\":\"https:\\\/\\\/barbieri.shop\\\/wp-content\\\/uploads\\\/2025\\\/09\\\/copertina_coterie_ny_settembre_25.jpg\",\"articleSection\":[\"Unkategorisiert\"],\"inLanguage\":\"de\"},{\"@type\":\"WebPage\",\"@id\":\"https:\\\/\\\/barbieri.shop\\\/de\\\/barbieri-arrives-in-new-york-presentation-of-the-ss-26-collection-at-stand-5630-of-the-coterie-international-trade-fair\\\/\",\"url\":\"https:\\\/\\\/barbieri.shop\\\/de\\\/barbieri-arrives-in-new-york-presentation-of-the-ss-26-collection-at-stand-5630-of-the-coterie-international-trade-fair\\\/\",\"name\":\"Barbieri kommt nach New York: Pr\u00e4sentation der Kollektion SS 26 am Stand 5630 der internationalen Fachmesse COTERIE.\",\"isPartOf\":{\"@id\":\"https:\\\/\\\/barbieri.shop\\\/#website\"},\"primaryImageOfPage\":{\"@id\":\"https:\\\/\\\/barbieri.shop\\\/de\\\/barbieri-arrives-in-new-york-presentation-of-the-ss-26-collection-at-stand-5630-of-the-coterie-international-trade-fair\\\/#primaryimage\"},\"image\":{\"@id\":\"https:\\\/\\\/barbieri.shop\\\/de\\\/barbieri-arrives-in-new-york-presentation-of-the-ss-26-collection-at-stand-5630-of-the-coterie-international-trade-fair\\\/#primaryimage\"},\"thumbnailUrl\":\"https:\\\/\\\/barbieri.shop\\\/wp-content\\\/uploads\\\/2025\\\/09\\\/copertina_coterie_ny_settembre_25.jpg\",\"datePublished\":\"2025-09-14T04:11:40+00:00\",\"dateModified\":\"2025-11-05T11:00:32+00:00\",\"breadcrumb\":{\"@id\":\"https:\\\/\\\/barbieri.shop\\\/de\\\/barbieri-arrives-in-new-york-presentation-of-the-ss-26-collection-at-stand-5630-of-the-coterie-international-trade-fair\\\/#breadcrumb\"},\"inLanguage\":\"de\",\"potentialAction\":[{\"@type\":\"ReadAction\",\"target\":[\"https:\\\/\\\/barbieri.shop\\\/de\\\/barbieri-arrives-in-new-york-presentation-of-the-ss-26-collection-at-stand-5630-of-the-coterie-international-trade-fair\\\/\"]}]},{\"@type\":\"ImageObject\",\"inLanguage\":\"de\",\"@id\":\"https:\\\/\\\/barbieri.shop\\\/de\\\/barbieri-arrives-in-new-york-presentation-of-the-ss-26-collection-at-stand-5630-of-the-coterie-international-trade-fair\\\/#primaryimage\",\"url\":\"https:\\\/\\\/barbieri.shop\\\/wp-content\\\/uploads\\\/2025\\\/09\\\/copertina_coterie_ny_settembre_25.jpg\",\"contentUrl\":\"https:\\\/\\\/barbieri.shop\\\/wp-content\\\/uploads\\\/2025\\\/09\\\/copertina_coterie_ny_settembre_25.jpg\",\"width\":1200,\"height\":800,\"caption\":\"Larioseta sar\u00e0 Presente a Coterie Nwew York\"},{\"@type\":\"BreadcrumbList\",\"@id\":\"https:\\\/\\\/barbieri.shop\\\/de\\\/barbieri-arrives-in-new-york-presentation-of-the-ss-26-collection-at-stand-5630-of-the-coterie-international-trade-fair\\\/#breadcrumb\",\"itemListElement\":[{\"@type\":\"ListItem\",\"position\":1,\"name\":\"Home\",\"item\":\"https:\\\/\\\/barbieri.shop\\\/de\\\/\"},{\"@type\":\"ListItem\",\"position\":2,\"name\":\"Barbieri kommt nach New York: Pr\u00e4sentation der Kollektion SS 26 am Stand 5630 der internationalen Fachmesse COTERIE.\"}]},{\"@type\":\"WebSite\",\"@id\":\"https:\\\/\\\/barbieri.shop\\\/#website\",\"url\":\"https:\\\/\\\/barbieri.shop\\\/\",\"name\":\"Barbieri Shop\",\"description\":\"Foulard, sciarpe, accessori moda Made in Italy\",\"publisher\":{\"@id\":\"https:\\\/\\\/barbieri.shop\\\/#organization\"},\"potentialAction\":[{\"@type\":\"SearchAction\",\"target\":{\"@type\":\"EntryPoint\",\"urlTemplate\":\"https:\\\/\\\/barbieri.shop\\\/?s={search_term_string}\"},\"query-input\":{\"@type\":\"PropertyValueSpecification\",\"valueRequired\":true,\"valueName\":\"search_term_string\"}}],\"inLanguage\":\"de\"},{\"@type\":\"Organization\",\"@id\":\"https:\\\/\\\/barbieri.shop\\\/#organization\",\"name\":\"Barbieri Shop\",\"url\":\"https:\\\/\\\/barbieri.shop\\\/\",\"logo\":{\"@type\":\"ImageObject\",\"inLanguage\":\"de\",\"@id\":\"https:\\\/\\\/barbieri.shop\\\/#\\\/schema\\\/logo\\\/image\\\/\",\"url\":\"https:\\\/\\\/barbieri.shop\\\/wp-content\\\/uploads\\\/2023\\\/12\\\/ROSA-1.png\",\"contentUrl\":\"https:\\\/\\\/barbieri.shop\\\/wp-content\\\/uploads\\\/2023\\\/12\\\/ROSA-1.png\",\"width\":5499,\"height\":608,\"caption\":\"Barbieri Shop\"},\"image\":{\"@id\":\"https:\\\/\\\/barbieri.shop\\\/#\\\/schema\\\/logo\\\/image\\\/\"},\"sameAs\":[\"https:\\\/\\\/www.facebook.com\\\/larioseta\"]},{\"@type\":\"Person\",\"@id\":\"https:\\\/\\\/barbieri.shop\\\/#\\\/schema\\\/person\\\/8895556539195b629cb6953238d7c8c7\",\"name\":\"Larioseta_shop\",\"sameAs\":[\"https:\\\/\\\/barbieri.shop\"],\"url\":\"https:\\\/\\\/barbieri.shop\\\/de\\\/author\\\/larioseta_shop\\\/\"}]}<\/script>\n<!-- \/ Yoast SEO plugin. -->","yoast_head_json":{"title":"Barbieri kommt nach New York: Pr\u00e4sentation der Kollektion SS 26 am Stand 5630 der internationalen Fachmesse COTERIE.","robots":{"index":"index","follow":"follow","max-snippet":"max-snippet:-1","max-image-preview":"max-image-preview:large","max-video-preview":"max-video-preview:-1"},"canonical":"https:\/\/barbieri.shop\/de\/barbieri-arrives-in-new-york-presentation-of-the-ss-26-collection-at-stand-5630-of-the-coterie-international-trade-fair\/","og_locale":"de_DE","og_type":"article","og_title":"Barbieri kommt nach New York: Pr\u00e4sentation der Kollektion SS 26 am Stand 5630 der internationalen Fachmesse COTERIE.","og_description":"Barbieri kommt nach New York: Pr\u00e4sentation der Kollektion SS 26 am Stand 5630 Vom 14. bis 16. September 2025 fand im Jacob K. Javits Convention Center in New York die Herbstausgabe der internationalen Messe COTERIE New York statt, einem Bezugspunkt f\u00fcr zeitgen\u00f6ssische und fortgeschrittene zeitgen\u00f6ssische Mode.\u00a0 Das Team von barbieri.shop war sehr stolz darauf, mit [&hellip;]","og_url":"https:\/\/barbieri.shop\/de\/barbieri-arrives-in-new-york-presentation-of-the-ss-26-collection-at-stand-5630-of-the-coterie-international-trade-fair\/","og_site_name":"Barbieri Shop","article_publisher":"https:\/\/www.facebook.com\/larioseta","article_published_time":"2025-09-14T04:11:40+00:00","article_modified_time":"2025-11-05T11:00:32+00:00","og_image":[{"width":1200,"height":800,"url":"https:\/\/barbieri.shop\/wp-content\/uploads\/2025\/09\/copertina_coterie_ny_settembre_25.jpg","type":"image\/jpeg"}],"author":"Larioseta_shop","twitter_card":"summary_large_image","twitter_misc":{"Verfasst von":"Larioseta_shop","Gesch\u00e4tzte Lesezeit":"1\u00a0Minute"},"schema":{"@context":"https:\/\/schema.org","@graph":[{"@type":"Article","@id":"https:\/\/barbieri.shop\/de\/barbieri-arrives-in-new-york-presentation-of-the-ss-26-collection-at-stand-5630-of-the-coterie-international-trade-fair\/#article","isPartOf":{"@id":"https:\/\/barbieri.shop\/de\/barbieri-arrives-in-new-york-presentation-of-the-ss-26-collection-at-stand-5630-of-the-coterie-international-trade-fair\/"},"author":{"name":"Larioseta_shop","@id":"https:\/\/barbieri.shop\/#\/schema\/person\/8895556539195b629cb6953238d7c8c7"},"headline":"Barbieri kommt nach New York: Pr\u00e4sentation der Kollektion SS 26 am Stand 5630 der internationalen Fachmesse COTERIE.","datePublished":"2025-09-14T04:11:40+00:00","dateModified":"2025-11-05T11:00:32+00:00","mainEntityOfPage":{"@id":"https:\/\/barbieri.shop\/de\/barbieri-arrives-in-new-york-presentation-of-the-ss-26-collection-at-stand-5630-of-the-coterie-international-trade-fair\/"},"wordCount":264,"publisher":{"@id":"https:\/\/barbieri.shop\/#organization"},"image":{"@id":"https:\/\/barbieri.shop\/de\/barbieri-arrives-in-new-york-presentation-of-the-ss-26-collection-at-stand-5630-of-the-coterie-international-trade-fair\/#primaryimage"},"thumbnailUrl":"https:\/\/barbieri.shop\/wp-content\/uploads\/2025\/09\/copertina_coterie_ny_settembre_25.jpg","articleSection":["Unkategorisiert"],"inLanguage":"de"},{"@type":"WebPage","@id":"https:\/\/barbieri.shop\/de\/barbieri-arrives-in-new-york-presentation-of-the-ss-26-collection-at-stand-5630-of-the-coterie-international-trade-fair\/","url":"https:\/\/barbieri.shop\/de\/barbieri-arrives-in-new-york-presentation-of-the-ss-26-collection-at-stand-5630-of-the-coterie-international-trade-fair\/","name":"Barbieri kommt nach New York: Pr\u00e4sentation der Kollektion SS 26 am Stand 5630 der internationalen Fachmesse COTERIE.","isPartOf":{"@id":"https:\/\/barbieri.shop\/#website"},"primaryImageOfPage":{"@id":"https:\/\/barbieri.shop\/de\/barbieri-arrives-in-new-york-presentation-of-the-ss-26-collection-at-stand-5630-of-the-coterie-international-trade-fair\/#primaryimage"},"image":{"@id":"https:\/\/barbieri.shop\/de\/barbieri-arrives-in-new-york-presentation-of-the-ss-26-collection-at-stand-5630-of-the-coterie-international-trade-fair\/#primaryimage"},"thumbnailUrl":"https:\/\/barbieri.shop\/wp-content\/uploads\/2025\/09\/copertina_coterie_ny_settembre_25.jpg","datePublished":"2025-09-14T04:11:40+00:00","dateModified":"2025-11-05T11:00:32+00:00","breadcrumb":{"@id":"https:\/\/barbieri.shop\/de\/barbieri-arrives-in-new-york-presentation-of-the-ss-26-collection-at-stand-5630-of-the-coterie-international-trade-fair\/#breadcrumb"},"inLanguage":"de","potentialAction":[{"@type":"ReadAction","target":["https:\/\/barbieri.shop\/de\/barbieri-arrives-in-new-york-presentation-of-the-ss-26-collection-at-stand-5630-of-the-coterie-international-trade-fair\/"]}]},{"@type":"ImageObject","inLanguage":"de","@id":"https:\/\/barbieri.shop\/de\/barbieri-arrives-in-new-york-presentation-of-the-ss-26-collection-at-stand-5630-of-the-coterie-international-trade-fair\/#primaryimage","url":"https:\/\/barbieri.shop\/wp-content\/uploads\/2025\/09\/copertina_coterie_ny_settembre_25.jpg","contentUrl":"https:\/\/barbieri.shop\/wp-content\/uploads\/2025\/09\/copertina_coterie_ny_settembre_25.jpg","width":1200,"height":800,"caption":"Larioseta sar\u00e0 Presente a Coterie Nwew York"},{"@type":"BreadcrumbList","@id":"https:\/\/barbieri.shop\/de\/barbieri-arrives-in-new-york-presentation-of-the-ss-26-collection-at-stand-5630-of-the-coterie-international-trade-fair\/#breadcrumb","itemListElement":[{"@type":"ListItem","position":1,"name":"Home","item":"https:\/\/barbieri.shop\/de\/"},{"@type":"ListItem","position":2,"name":"Barbieri kommt nach New York: Pr\u00e4sentation der Kollektion SS 26 am Stand 5630 der internationalen Fachmesse COTERIE."}]},{"@type":"WebSite","@id":"https:\/\/barbieri.shop\/#website","url":"https:\/\/barbieri.shop\/","name":"Barbieri Shop","description":"Foulard, sciarpe, accessori moda Made in Italy","publisher":{"@id":"https:\/\/barbieri.shop\/#organization"},"potentialAction":[{"@type":"SearchAction","target":{"@type":"EntryPoint","urlTemplate":"https:\/\/barbieri.shop\/?s={search_term_string}"},"query-input":{"@type":"PropertyValueSpecification","valueRequired":true,"valueName":"search_term_string"}}],"inLanguage":"de"},{"@type":"Organization","@id":"https:\/\/barbieri.shop\/#organization","name":"Barbieri Shop","url":"https:\/\/barbieri.shop\/","logo":{"@type":"ImageObject","inLanguage":"de","@id":"https:\/\/barbieri.shop\/#\/schema\/logo\/image\/","url":"https:\/\/barbieri.shop\/wp-content\/uploads\/2023\/12\/ROSA-1.png","contentUrl":"https:\/\/barbieri.shop\/wp-content\/uploads\/2023\/12\/ROSA-1.png","width":5499,"height":608,"caption":"Barbieri Shop"},"image":{"@id":"https:\/\/barbieri.shop\/#\/schema\/logo\/image\/"},"sameAs":["https:\/\/www.facebook.com\/larioseta"]},{"@type":"Person","@id":"https:\/\/barbieri.shop\/#\/schema\/person\/8895556539195b629cb6953238d7c8c7","name":"Larioseta_shop","sameAs":["https:\/\/barbieri.shop"],"url":"https:\/\/barbieri.shop\/de\/author\/larioseta_shop\/"}]}},"_links":{"self":[{"href":"https:\/\/barbieri.shop\/de\/wp-json\/wp\/v2\/posts\/29475","targetHints":{"allow":["GET"]}}],"collection":[{"href":"https:\/\/barbieri.shop\/de\/wp-json\/wp\/v2\/posts"}],"about":[{"href":"https:\/\/barbieri.shop\/de\/wp-json\/wp\/v2\/types\/post"}],"author":[{"embeddable":true,"href":"https:\/\/barbieri.shop\/de\/wp-json\/wp\/v2\/users\/1"}],"replies":[{"embeddable":true,"href":"https:\/\/barbieri.shop\/de\/wp-json\/wp\/v2\/comments?post=29475"}],"version-history":[{"count":4,"href":"https:\/\/barbieri.shop\/de\/wp-json\/wp\/v2\/posts\/29475\/revisions"}],"predecessor-version":[{"id":29483,"href":"https:\/\/barbieri.shop\/de\/wp-json\/wp\/v2\/posts\/29475\/revisions\/29483"}],"wp:featuredmedia":[{"embeddable":true,"href":"https:\/\/barbieri.shop\/de\/wp-json\/wp\/v2\/media\/31931"}],"wp:attachment":[{"href":"https:\/\/barbieri.shop\/de\/wp-json\/wp\/v2\/media?parent=29475"}],"wp:term":[{"taxonomy":"category","embeddable":true,"href":"https:\/\/barbieri.shop\/de\/wp-json\/wp\/v2\/categories?post=29475"},{"taxonomy":"post_tag","embeddable":true,"href":"https:\/\/barbieri.shop\/de\/wp-json\/wp\/v2\/tags?post=29475"}],"curies":[{"name":"wp","href":"https:\/\/api.w.org\/{rel}","templated":true}]}}